{"id":4305,"date":"2022-05-18T12:38:00","date_gmt":"2022-05-18T10:38:00","guid":{"rendered":"https:\/\/jednostki.uksw.edu.pl\/bon\/?p=4305"},"modified":"2022-11-17T08:08:12","modified_gmt":"2022-11-17T07:08:12","slug":"warsztaty-uksw-bez-barier-uczelnia-dla-kazdego","status":"publish","type":"post","link":"https:\/\/bon.uksw.edu.pl\/2022\/05\/18\/warsztaty-uksw-bez-barier-uczelnia-dla-kazdego\/","title":{"rendered":"Warsztaty \u201eUKSW bez barier \u2013 Uczelnia dla ka\u017cdego\u201d"},"content":{"rendered":"\n<p>Z inicjatywy Kierownika projektu: \u201eUKSW bez barier \u2013 Uczelnia dla ka\u017cdego\u201d Nr POWR.03.05.00-00-A060\/19. &nbsp;dr hab. Anny Fidelus realizowane s\u0105 indywidualne spotkania z pracownikami UKSW, kt\u00f3rych celem jest poszerzanie wiedzy na temat trudno\u015bci do\u015bwiadczanych przez osoby z niepe\u0142nosprawno\u015bciami.<\/p>\n\n\n\n<p>Spotkanie organizowane s\u0105&nbsp; w ramach Biura ds. Os\u00f3b z Niepe\u0142nosprawno\u015bci\u0105 (BON) Uniwersytetu Kardyna\u0142a Stefana Wyszy\u0144skiego w Warszawie.<\/p>\n\n\n\n<p>&nbsp;Spotkania odbywaj\u0105 si\u0119 w grupach &nbsp;roboczych, w trakcie kt\u00f3rych koncentrujemy si\u0119 na:<\/p>\n\n\n\n<p>\u2013 pomocy w rozwi\u0105zywaniu trudnych sytuacji interpersonalnych<\/p>\n\n\n\n<p>\u2013 poszerzamy i promujemy wiedz\u0119 odnosz\u0105c\u0105 si\u0119 do trudno\u015bci os\u00f3b z niepe\u0142nosprawno\u015bciami<\/p>\n\n\n\n<p>\u2013 wsp\u00f3lnie poszukujemy rozwi\u0105za\u0144 dla trudno\u015bci os\u00f3b z niepe\u0142nosprawno\u015bciami.<\/p>\n\n\n\n<p>Pierwsze grupy robocze odby\u0142y si\u0119 na Wydziale Matematyczno-Przyrodniczym UKSW oraz w Dziale Rekrutacji UKSW.<\/p>\n\n\n\n<p>Wsp\u00f3\u0142organizatorami spotka\u0144 s\u0105 dr Justyna Kurtyka-Cha\u0142as oraz mgr Micha\u0142 Sta\u0144czuk.<\/p>\n\n\n\n<p>Zapraszamy do udzia\u0142u w spotkaniach grupy roboczej!<\/p>\n\n\n\n<figure class=\"wp-block-image size-full\"><img decoding=\"async\" width=\"600\" height=\"450\" src=\"https:\/\/bon.uksw.edu.pl\/wp-content\/uploads\/sites\/16\/2022\/05\/IMG-5553www.jpg\" alt=\"\" class=\"wp-image-4308\" srcset=\"https:\/\/bon.uksw.edu.pl\/wp-content\/uploads\/sites\/16\/2022\/05\/IMG-5553www.jpg 600w, https:\/\/bon.uksw.edu.pl\/wp-content\/uploads\/sites\/16\/2022\/05\/IMG-5553www-300x225.jpg 300w\" sizes=\"(max-width: 600px) 100vw, 600px\" \/><\/figure>\n\n\n\n<p>Pracownicy Biura Rekrutacji wraz z dr Justyn\u0105 Kurtyk\u0105-Cha\u0142as (pierwsza od prawej) oraz mgr Micha\u0142em Sta\u0144czukiem (drugi od prawej)<\/p>\n\n\n\n<figure class=\"wp-block-image size-full\"><img decoding=\"async\" width=\"600\" height=\"450\" src=\"https:\/\/bon.uksw.edu.pl\/wp-content\/uploads\/sites\/16\/2022\/05\/IMG-5555_www-1.jpg\" alt=\"\" class=\"wp-image-4309\" srcset=\"https:\/\/bon.uksw.edu.pl\/wp-content\/uploads\/sites\/16\/2022\/05\/IMG-5555_www-1.jpg 600w, https:\/\/bon.uksw.edu.pl\/wp-content\/uploads\/sites\/16\/2022\/05\/IMG-5555_www-1-300x225.jpg 300w\" sizes=\"(max-width: 600px) 100vw, 600px\" \/><\/figure>\n\n\n\n<p>Od lewej: mgr Micha\u0142 Sta\u0144czuk, dr Justyna Kurtyka-Cha\u0142as, mgr Agnieszka Iwaszkiewicz, mgr Rados\u0142aw Patelak, mgr Marta Kazior, Bogus\u0142aw Wojakowski<\/p>\n","protected":false},"excerpt":{"rendered":"<p>Z inicjatywy Kierownika projektu: \u201eUKSW bez barier \u2013 Uczelnia dla ka\u017cdego\u201d Nr POWR.03.05.00-00-A060\/19. &nbsp;dr hab. Anny Fidelus realizowane s\u0105 indywidualne spotkania z pracownikami UKSW, kt\u00f3rych celem jest poszerzanie wiedzy na temat trudno\u015bci do\u015bwiadczanych przez osoby z niepe\u0142nosprawno\u015bciami. Spotkanie organizowane s\u0105&nbsp; w ramach Biura ds. Os\u00f3b z Niepe\u0142nosprawno\u015bci\u0105 (BON) Uniwersytetu Kardyna\u0142a Stefana Wyszy\u0144skiego w Warszawie. &nbsp;Spotkania [&hellip;]<\/p>\n","protected":false},"author":1,"featured_media":4422,"comment_status":"open","ping_status":"open","sticky":false,"template":"","format":"standard","meta":{"_acf_changed":false,"inline_featured_image":false,"footnotes":"","_links_to":"","_links_to_target":""},"categories":[1],"tags":[],"class_list":["post-4305","post","type-post","status-publish","format-standard","has-post-thumbnail","hentry","category-aktualnosci"],"acf":[],"_links":{"self":[{"href":"https:\/\/bon.uksw.edu.pl\/pl\/wp-json\/wp\/v2\/posts\/4305","targetHints":{"allow":["GET"]}}],"collection":[{"href":"https:\/\/bon.uksw.edu.pl\/pl\/wp-json\/wp\/v2\/posts"}],"about":[{"href":"https:\/\/bon.uksw.edu.pl\/pl\/wp-json\/wp\/v2\/types\/post"}],"author":[{"embeddable":true,"href":"https:\/\/bon.uksw.edu.pl\/pl\/wp-json\/wp\/v2\/users\/1"}],"replies":[{"embeddable":true,"href":"https:\/\/bon.uksw.edu.pl\/pl\/wp-json\/wp\/v2\/comments?post=4305"}],"version-history":[{"count":3,"href":"https:\/\/bon.uksw.edu.pl\/pl\/wp-json\/wp\/v2\/posts\/4305\/revisions"}],"predecessor-version":[{"id":4425,"href":"https:\/\/bon.uksw.edu.pl\/pl\/wp-json\/wp\/v2\/posts\/4305\/revisions\/4425"}],"wp:featuredmedia":[{"embeddable":true,"href":"https:\/\/bon.uksw.edu.pl\/pl\/wp-json\/wp\/v2\/media\/4422"}],"wp:attachment":[{"href":"https:\/\/bon.uksw.edu.pl\/pl\/wp-json\/wp\/v2\/media?parent=4305"}],"wp:term":[{"taxonomy":"category","embeddable":true,"href":"https:\/\/bon.uksw.edu.pl\/pl\/wp-json\/wp\/v2\/categories?post=4305"},{"taxonomy":"post_tag","embeddable":true,"href":"https:\/\/bon.uksw.edu.pl\/pl\/wp-json\/wp\/v2\/tags?post=4305"}],"curies":[{"name":"wp","href":"https:\/\/api.w.org\/{rel}","templated":true}]}}