{"id":5873,"date":"2024-12-03T12:25:18","date_gmt":"2024-12-03T11:25:18","guid":{"rendered":"https:\/\/bon.uksw.edu.pl\/?p=5873"},"modified":"2024-12-03T12:25:20","modified_gmt":"2024-12-03T11:25:20","slug":"dodatkowy-dyzur-uczelnianego-koordynatora-ds-dostepnosci-w-grudniu","status":"publish","type":"post","link":"https:\/\/bon.uksw.edu.pl\/2024\/12\/03\/dodatkowy-dyzur-uczelnianego-koordynatora-ds-dostepnosci-w-grudniu\/","title":{"rendered":"Dodatkowy dy\u017cur Uczelnianego Koordynatora ds.\u00a0Dost\u0119pno\u015bci w grudniu"},"content":{"rendered":"\n<p>Drodzy Studenci,<\/p>\n\n\n\n<p>z\u00a0rado\u015bci\u0105 informujemy, \u017ce\u00a0z\u00a0inicjatywy Prorektor ds.\u00a0kszta\u0142cenia, dr\u00a0hab. Anny Fidelus, prof.\u00a0ucz., oraz\u00a0Uczelnianego Koordynatora ds.\u00a0Dost\u0119pno\u015bci, Micha\u0142a Sta\u0144czuka,\u00a0<\/p>\n\n\n\n<h2 class=\"wp-block-heading\"><strong>Biuro ds.\u00a0Os\u00f3b z\u00a0Niepe\u0142nosprawno\u015bci\u0105 (BON) UKSW b\u0119dzie pracowa\u0107 w\u00a0okresie od\u00a02 do 14 grudnia w\u00a0wyd\u0142u\u017conym czasie przez\u00a06 dni w\u00a0tygodniu.<\/strong><\/h2>\n\n\n\n<ul class=\"wp-block-list\">\n<li><strong>Poniedzia\u0142ek \u2013 Pi\u0105tek: 8.00 \u2013 18.00<\/strong><\/li>\n\n\n\n<li><strong>Sobota: 9.00 \u2013 15.00<\/strong><\/li>\n<\/ul>\n\n\n\n<h2 class=\"wp-block-heading\">W\u00a0tym okresie, opr\u00f3cz standardowych dzia\u0142a\u0144, odb\u0119dzie si\u0119 r\u00f3wnie\u017c\u00a0<strong>DY\u017bUR Uczelnianego Koordynatora ds.\u00a0Dost\u0119pno\u015bci<\/strong>. <\/h2>\n\n\n\n<p>Koordynator b\u0119dzie dost\u0119pny, aby om\u00f3wi\u0107 kwestie zwi\u0105zane z\u00a0dost\u0119pno\u015bci\u0105 na\u00a0naszej uczelni, w\u00a0tym:<\/p>\n\n\n\n<ul class=\"wp-block-list\">\n<li>sk\u0142adanie orzecze\u0144 o\u00a0niepe\u0142nosprawno\u015bci i\u00a0za\u015bwiadcze\u0144 lekarskich, kt\u00f3re uprawniaj\u0105 do\u00a0stypendi\u00f3w i\u00a0innych form wsparcia;<\/li>\n\n\n\n<li>informowanie o\u00a0dost\u0119pnych udogodnieniach dla student\u00f3w ze\u00a0specjalnymi potrzebami, takich jak dostosowanie zaj\u0119\u0107, egzamin\u00f3w, materia\u0142\u00f3w dydaktycznych oraz\u00a0wsparcie technologiczne;<\/li>\n\n\n\n<li>udzielanie informacji na\u00a0temat program\u00f3w i\u00a0projekt\u00f3w dedykowanych studentom z\u00a0niepe\u0142nosprawno\u015bciami;<\/li>\n\n\n\n<li>pomoc w\u00a0rozwi\u0105zywaniu problem\u00f3w zwi\u0105zanych z\u00a0barierami architektonicznymi i\u00a0organizacyjnymi na\u00a0terenie uczelni;<\/li>\n<\/ul>\n\n\n\n<p>Zach\u0119camy wszystkich student\u00f3w, kt\u00f3rzy&nbsp;posiadaj\u0105 orzeczenia o&nbsp;niepe\u0142nosprawno\u015bci lub maj\u0105 pytania dotycz\u0105ce dost\u0119pno\u015bci, do&nbsp;skorzystania z&nbsp;tej&nbsp;okazji i&nbsp;kontaktu z&nbsp;BON lub Koordynatorem w&nbsp;dogodnym dla siebie terminie.<\/p>\n\n\n\n<p>Serdecznie zapraszamy do&nbsp;odwiedzenia Biura ds.&nbsp;Os\u00f3b z&nbsp;Niepe\u0142nosprawno\u015bci\u0105 i&nbsp;skorzystania z&nbsp;oferowanego wsparcia.<\/p>\n","protected":false},"excerpt":{"rendered":"<p>Drodzy Studenci, z\u00a0rado\u015bci\u0105 informujemy, \u017ce\u00a0z\u00a0inicjatywy Prorektor ds.\u00a0kszta\u0142cenia, dr\u00a0hab. Anny Fidelus, prof.\u00a0ucz., oraz\u00a0Uczelnianego Koordynatora ds.\u00a0Dost\u0119pno\u015bci, Micha\u0142a Sta\u0144czuka,\u00a0 Biuro ds.\u00a0Os\u00f3b z\u00a0Niepe\u0142nosprawno\u015bci\u0105 (BON) UKSW b\u0119dzie pracowa\u0107 w\u00a0okresie od\u00a02 do 14 grudnia w\u00a0wyd\u0142u\u017conym czasie przez\u00a06 dni w\u00a0tygodniu. W\u00a0tym okresie, opr\u00f3cz standardowych dzia\u0142a\u0144, odb\u0119dzie si\u0119 r\u00f3wnie\u017c\u00a0DY\u017bUR Uczelnianego Koordynatora ds.\u00a0Dost\u0119pno\u015bci. Koordynator b\u0119dzie dost\u0119pny, aby om\u00f3wi\u0107 kwestie zwi\u0105zane z\u00a0dost\u0119pno\u015bci\u0105 na\u00a0naszej uczelni, w\u00a0tym: [&hellip;]<\/p>\n","protected":false},"author":608,"featured_media":5874,"comment_status":"closed","ping_status":"closed","sticky":false,"template":"","format":"standard","meta":{"_acf_changed":false,"inline_featured_image":false,"footnotes":"","_links_to":"","_links_to_target":""},"categories":[1],"tags":[],"class_list":["post-5873","post","type-post","status-publish","format-standard","has-post-thumbnail","hentry","category-aktualnosci"],"acf":[],"_links":{"self":[{"href":"https:\/\/bon.uksw.edu.pl\/pl\/wp-json\/wp\/v2\/posts\/5873","targetHints":{"allow":["GET"]}}],"collection":[{"href":"https:\/\/bon.uksw.edu.pl\/pl\/wp-json\/wp\/v2\/posts"}],"about":[{"href":"https:\/\/bon.uksw.edu.pl\/pl\/wp-json\/wp\/v2\/types\/post"}],"author":[{"embeddable":true,"href":"https:\/\/bon.uksw.edu.pl\/pl\/wp-json\/wp\/v2\/users\/608"}],"replies":[{"embeddable":true,"href":"https:\/\/bon.uksw.edu.pl\/pl\/wp-json\/wp\/v2\/comments?post=5873"}],"version-history":[{"count":2,"href":"https:\/\/bon.uksw.edu.pl\/pl\/wp-json\/wp\/v2\/posts\/5873\/revisions"}],"predecessor-version":[{"id":5876,"href":"https:\/\/bon.uksw.edu.pl\/pl\/wp-json\/wp\/v2\/posts\/5873\/revisions\/5876"}],"wp:featuredmedia":[{"embeddable":true,"href":"https:\/\/bon.uksw.edu.pl\/pl\/wp-json\/wp\/v2\/media\/5874"}],"wp:attachment":[{"href":"https:\/\/bon.uksw.edu.pl\/pl\/wp-json\/wp\/v2\/media?parent=5873"}],"wp:term":[{"taxonomy":"category","embeddable":true,"href":"https:\/\/bon.uksw.edu.pl\/pl\/wp-json\/wp\/v2\/categories?post=5873"},{"taxonomy":"post_tag","embeddable":true,"href":"https:\/\/bon.uksw.edu.pl\/pl\/wp-json\/wp\/v2\/tags?post=5873"}],"curies":[{"name":"wp","href":"https:\/\/api.w.org\/{rel}","templated":true}]}}